{"id":1666,"date":"2025-02-26T07:05:36","date_gmt":"2025-02-26T07:05:36","guid":{"rendered":"https:\/\/ainuk.amateurfunkpraxis.de\/?p=1666"},"modified":"2025-02-26T07:06:16","modified_gmt":"2025-02-26T07:06:16","slug":"25-02-2025-landesweiter-stromausfall-in-chile","status":"publish","type":"post","link":"https:\/\/ainuk.amateurfunkpraxis.de\/?p=1666","title":{"rendered":"25.02.2025 &#8211; Landesweiter Stromausfall in Chile"},"content":{"rendered":"\n<p>Wegen eines landesweiten Blackouts hat die chilenische Regierung eine Ausgangssperre verh\u00e4ngt.<\/p>\n\n\n\n<p>Der Ausfall sei auf eine ausgefallene \u00dcberlandleitung im Norden des Landes zur\u00fcckzuf\u00fchren. Deswegen mussten weitere Leitungen abgeschaltet werden, die letztendlich zu einem Blackout gef\u00fchrt hatten.<\/p>\n\n\n\n<p>Die Hauptstadt Santiago lag praktisch im Dunkeln. In der ganzen Stadt heulten die Sirenen von Einsatzfahrzeugen. Die U-Bahn, die Millionen von Fahrg\u00e4sten bef\u00f6rdert, fiel aus. Passagiere mussten aus den liegengebliebenen Z\u00fcgen in Sicherheit gebracht werden. Das Verkehrsministerium warnte die Autofahrer im Gro\u00dfraum Santiago zur Vorsicht, da zahlreiche Ampeln ausfielen.<\/p>\n\n\n\n<p>Zur Verst\u00e4rkung der Polizei w\u00fcrden 3.000 Soldaten auf die Stra\u00dfen geschickt, um f\u00fcr Sicherheit zu sorgen, teilte das Verteidigungsministerium mit.<\/p>\n\n\n\n<p><strong>Links<\/strong><\/p>\n\n\n\n<p><a href=\"https:\/\/www.tagesschau.de\/ausland\/amerika\/chile-stromausfall-100.html\" target=\"_blank\" rel=\"noreferrer noopener\">Strom in weiten Teilen Chiles ausgefallen | tagesschau.de<\/a> <img loading=\"lazy\" decoding=\"async\" height=\"12\" width=\"13\" src=\"https:\/\/amateurfunkpraxis.de\/images\/externer%20link.gif\"><\/p>\n\n\n\n<p><a href=\"https:\/\/www.t-online.de\/nachrichten\/panorama\/id_100611962\/chile-atypischer-systemausfall-laehmt-fast-das-gesamte-land.html\" target=\"_blank\" rel=\"noreferrer noopener\">Chile: &#8222;Atypischer Systemausfall&#8220; l\u00e4hmt fast das gesamte Land<\/a> <img loading=\"lazy\" decoding=\"async\" height=\"12\" width=\"13\" src=\"https:\/\/amateurfunkpraxis.de\/images\/externer%20link.gif\"><\/p>\n\n\n\n<p><a href=\"https:\/\/www.deutschlandfunk.de\/notstand-und-ausgangssperre-massiver-stromausfall-in-fast-ganz-chile-100.html\" target=\"_blank\" rel=\"noreferrer noopener\">S\u00fcdamerika &#8211; Notstand und Ausgangssperre: Massiver Stromausfall in fast ganz Chile<\/a> <img loading=\"lazy\" decoding=\"async\" height=\"12\" width=\"13\" src=\"https:\/\/amateurfunkpraxis.de\/images\/externer%20link.gif\"><\/p>\n\n\n\n<p><a href=\"https:\/\/www.zeit.de\/gesellschaft\/zeitgeschehen\/2025-02\/chile-stromausfall-ausgangssperre\" target=\"_blank\" rel=\"noreferrer noopener\">Blackout: Ausgangssperre in Chile nach landesweitem Stromausfall | ZEIT ONLINE<\/a> <img loading=\"lazy\" decoding=\"async\" height=\"12\" width=\"13\" src=\"https:\/\/amateurfunkpraxis.de\/images\/externer%20link.gif\"><\/p>\n\n\n\n<p><a href=\"https:\/\/www.rnd.de\/panorama\/blackout-in-chile-98-prozent-der-haushalte-ohne-strom-OYJCMO7U5JM3PEKTA5G6Y5XZX4.html\" target=\"_blank\" rel=\"noreferrer noopener\">Blackout in Chile: 98 Prozent der Haushalte ohne Strom<\/a> <img loading=\"lazy\" decoding=\"async\" height=\"12\" width=\"13\" src=\"https:\/\/amateurfunkpraxis.de\/images\/externer%20link.gif\"><\/p>\n\n\n\n<p><\/p>\n","protected":false},"excerpt":{"rendered":"<p>Wegen eines landesweiten Blackouts hat die chilenische Regierung eine Ausgangssperre verh\u00e4ngt. Der Ausfall sei auf eine ausgefallene \u00dcberlandleitung im Norden des Landes zur\u00fcckzuf\u00fchren. Deswegen mussten weitere Leitungen abgeschaltet werden, die&#8230;<\/p>\n","protected":false},"author":1,"featured_media":0,"comment_status":"open","ping_status":"open","sticky":false,"template":"","format":"standard","meta":{"footnotes":""},"categories":[43,1],"tags":[108,41,113,78],"class_list":["post-1666","post","type-post","status-publish","format-standard","hentry","category-info","category-news","tag-blackout","tag-notfall","tag-notstrom","tag-stromausfall","entry"],"yoast_head":"<!-- This site is optimized with the Yoast SEO plugin v27.4 - https:\/\/yoast.com\/product\/yoast-seo-wordpress\/ -->\n<title>25.02.2025 - Landesweiter Stromausfall in Chile - AiNuK \u00a9<\/title>\n<meta name=\"robots\" content=\"index, follow, max-snippet:-1, max-image-preview:large, max-video-preview:-1\" \/>\n<link rel=\"canonical\" href=\"https:\/\/ainuk.amateurfunkpraxis.de\/?p=1666\" \/>\n<meta property=\"og:locale\" content=\"de_DE\" \/>\n<meta property=\"og:type\" content=\"article\" \/>\n<meta property=\"og:title\" content=\"25.02.2025 - Landesweiter Stromausfall in Chile - AiNuK \u00a9\" \/>\n<meta property=\"og:description\" content=\"Wegen eines landesweiten Blackouts hat die chilenische Regierung eine Ausgangssperre verh\u00e4ngt. Der Ausfall sei auf eine ausgefallene \u00dcberlandleitung im Norden des Landes zur\u00fcckzuf\u00fchren. Deswegen mussten weitere Leitungen abgeschaltet werden, die&#8230;\" \/>\n<meta property=\"og:url\" content=\"https:\/\/ainuk.amateurfunkpraxis.de\/?p=1666\" \/>\n<meta property=\"og:site_name\" content=\"AiNuK \u00a9\" \/>\n<meta property=\"article:published_time\" content=\"2025-02-26T07:05:36+00:00\" \/>\n<meta property=\"article:modified_time\" content=\"2025-02-26T07:06:16+00:00\" \/>\n<meta property=\"og:image\" content=\"https:\/\/amateurfunkpraxis.de\/images\/externer%20link.gif\" \/>\n<meta name=\"author\" content=\"admin\" \/>\n<meta name=\"twitter:card\" content=\"summary_large_image\" \/>\n<meta name=\"twitter:label1\" content=\"Verfasst von\" \/>\n\t<meta name=\"twitter:data1\" content=\"admin\" \/>\n\t<meta name=\"twitter:label2\" content=\"Gesch\u00e4tzte Lesezeit\" \/>\n\t<meta name=\"twitter:data2\" content=\"2\u00a0Minuten\" \/>\n<script type=\"application\/ld+json\" class=\"yoast-schema-graph\">{\"@context\":\"https:\\\/\\\/schema.org\",\"@graph\":[{\"@type\":\"Article\",\"@id\":\"https:\\\/\\\/ainuk.amateurfunkpraxis.de\\\/?p=1666#article\",\"isPartOf\":{\"@id\":\"https:\\\/\\\/ainuk.amateurfunkpraxis.de\\\/?p=1666\"},\"author\":{\"name\":\"admin\",\"@id\":\"https:\\\/\\\/ainuk.amateurfunkpraxis.de\\\/#\\\/schema\\\/person\\\/23e96caa16a0a19c6910e2f4eb339c7f\"},\"headline\":\"25.02.2025 &#8211; Landesweiter Stromausfall in Chile\",\"datePublished\":\"2025-02-26T07:05:36+00:00\",\"dateModified\":\"2025-02-26T07:06:16+00:00\",\"mainEntityOfPage\":{\"@id\":\"https:\\\/\\\/ainuk.amateurfunkpraxis.de\\\/?p=1666\"},\"wordCount\":168,\"commentCount\":0,\"publisher\":{\"@id\":\"https:\\\/\\\/ainuk.amateurfunkpraxis.de\\\/#organization\"},\"image\":{\"@id\":\"https:\\\/\\\/ainuk.amateurfunkpraxis.de\\\/?p=1666#primaryimage\"},\"thumbnailUrl\":\"https:\\\/\\\/amateurfunkpraxis.de\\\/images\\\/externer%20link.gif\",\"keywords\":[\"Blackout\",\"Notfall\",\"Notstrom\",\"Stromausfall\"],\"articleSection\":[\"Info\",\"News\"],\"inLanguage\":\"de\",\"potentialAction\":[{\"@type\":\"CommentAction\",\"name\":\"Comment\",\"target\":[\"https:\\\/\\\/ainuk.amateurfunkpraxis.de\\\/?p=1666#respond\"]}]},{\"@type\":\"WebPage\",\"@id\":\"https:\\\/\\\/ainuk.amateurfunkpraxis.de\\\/?p=1666\",\"url\":\"https:\\\/\\\/ainuk.amateurfunkpraxis.de\\\/?p=1666\",\"name\":\"25.02.2025 - Landesweiter Stromausfall in Chile - AiNuK \u00a9\",\"isPartOf\":{\"@id\":\"https:\\\/\\\/ainuk.amateurfunkpraxis.de\\\/#website\"},\"primaryImageOfPage\":{\"@id\":\"https:\\\/\\\/ainuk.amateurfunkpraxis.de\\\/?p=1666#primaryimage\"},\"image\":{\"@id\":\"https:\\\/\\\/ainuk.amateurfunkpraxis.de\\\/?p=1666#primaryimage\"},\"thumbnailUrl\":\"https:\\\/\\\/amateurfunkpraxis.de\\\/images\\\/externer%20link.gif\",\"datePublished\":\"2025-02-26T07:05:36+00:00\",\"dateModified\":\"2025-02-26T07:06:16+00:00\",\"breadcrumb\":{\"@id\":\"https:\\\/\\\/ainuk.amateurfunkpraxis.de\\\/?p=1666#breadcrumb\"},\"inLanguage\":\"de\",\"potentialAction\":[{\"@type\":\"ReadAction\",\"target\":[\"https:\\\/\\\/ainuk.amateurfunkpraxis.de\\\/?p=1666\"]}]},{\"@type\":\"ImageObject\",\"inLanguage\":\"de\",\"@id\":\"https:\\\/\\\/ainuk.amateurfunkpraxis.de\\\/?p=1666#primaryimage\",\"url\":\"https:\\\/\\\/amateurfunkpraxis.de\\\/images\\\/externer%20link.gif\",\"contentUrl\":\"https:\\\/\\\/amateurfunkpraxis.de\\\/images\\\/externer%20link.gif\"},{\"@type\":\"BreadcrumbList\",\"@id\":\"https:\\\/\\\/ainuk.amateurfunkpraxis.de\\\/?p=1666#breadcrumb\",\"itemListElement\":[{\"@type\":\"ListItem\",\"position\":1,\"name\":\"Startseite\",\"item\":\"https:\\\/\\\/ainuk.amateurfunkpraxis.de\\\/\"},{\"@type\":\"ListItem\",\"position\":2,\"name\":\"25.02.2025 &#8211; Landesweiter Stromausfall in Chile\"}]},{\"@type\":\"WebSite\",\"@id\":\"https:\\\/\\\/ainuk.amateurfunkpraxis.de\\\/#website\",\"url\":\"https:\\\/\\\/ainuk.amateurfunkpraxis.de\\\/\",\"name\":\"AiNuK \u00a9\",\"description\":\"Amateurfunk in Not- und Katastrophenf\u00e4llen n.e.V.\",\"publisher\":{\"@id\":\"https:\\\/\\\/ainuk.amateurfunkpraxis.de\\\/#organization\"},\"alternateName\":\"Amateurfunk in Not- und Katastrophenf\u00e4llen AiNuK n.e.V.\",\"potentialAction\":[{\"@type\":\"SearchAction\",\"target\":{\"@type\":\"EntryPoint\",\"urlTemplate\":\"https:\\\/\\\/ainuk.amateurfunkpraxis.de\\\/?s={search_term_string}\"},\"query-input\":{\"@type\":\"PropertyValueSpecification\",\"valueRequired\":true,\"valueName\":\"search_term_string\"}}],\"inLanguage\":\"de\"},{\"@type\":\"Organization\",\"@id\":\"https:\\\/\\\/ainuk.amateurfunkpraxis.de\\\/#organization\",\"name\":\"AiNuK \u00a9 Amateurfunk in Not- und Katastrophenf\u00e4llen\",\"alternateName\":\"Amateurfunk in Not- und Katastrophenf\u00e4llen AiNuK n.e.V.\",\"url\":\"https:\\\/\\\/ainuk.amateurfunkpraxis.de\\\/\",\"logo\":{\"@type\":\"ImageObject\",\"inLanguage\":\"de\",\"@id\":\"https:\\\/\\\/ainuk.amateurfunkpraxis.de\\\/#\\\/schema\\\/logo\\\/image\\\/\",\"url\":\"https:\\\/\\\/ainuk.amateurfunkpraxis.de\\\/wp-content\\\/uploads\\\/2024\\\/07\\\/cropped-cropped-AiNuK-370x370-1.png\",\"contentUrl\":\"https:\\\/\\\/ainuk.amateurfunkpraxis.de\\\/wp-content\\\/uploads\\\/2024\\\/07\\\/cropped-cropped-AiNuK-370x370-1.png\",\"width\":512,\"height\":512,\"caption\":\"AiNuK \u00a9 Amateurfunk in Not- und Katastrophenf\u00e4llen\"},\"image\":{\"@id\":\"https:\\\/\\\/ainuk.amateurfunkpraxis.de\\\/#\\\/schema\\\/logo\\\/image\\\/\"}},{\"@type\":\"Person\",\"@id\":\"https:\\\/\\\/ainuk.amateurfunkpraxis.de\\\/#\\\/schema\\\/person\\\/23e96caa16a0a19c6910e2f4eb339c7f\",\"name\":\"admin\",\"image\":{\"@type\":\"ImageObject\",\"inLanguage\":\"de\",\"@id\":\"https:\\\/\\\/secure.gravatar.com\\\/avatar\\\/1cf6ee7e4eb4c5027e13f32428f9e70ac79569f93391a5328669cfa1138cf412?s=96&d=retro&r=g\",\"url\":\"https:\\\/\\\/secure.gravatar.com\\\/avatar\\\/1cf6ee7e4eb4c5027e13f32428f9e70ac79569f93391a5328669cfa1138cf412?s=96&d=retro&r=g\",\"contentUrl\":\"https:\\\/\\\/secure.gravatar.com\\\/avatar\\\/1cf6ee7e4eb4c5027e13f32428f9e70ac79569f93391a5328669cfa1138cf412?s=96&d=retro&r=g\",\"caption\":\"admin\"},\"description\":\"Funkamateur\",\"sameAs\":[\"http:\\\/\\\/www.ainuk.de\"],\"url\":\"https:\\\/\\\/ainuk.amateurfunkpraxis.de\\\/?author=1\"}]}<\/script>\n<!-- \/ Yoast SEO plugin. -->","yoast_head_json":{"title":"25.02.2025 - Landesweiter Stromausfall in Chile - AiNuK \u00a9","robots":{"index":"index","follow":"follow","max-snippet":"max-snippet:-1","max-image-preview":"max-image-preview:large","max-video-preview":"max-video-preview:-1"},"canonical":"https:\/\/ainuk.amateurfunkpraxis.de\/?p=1666","og_locale":"de_DE","og_type":"article","og_title":"25.02.2025 - Landesweiter Stromausfall in Chile - AiNuK \u00a9","og_description":"Wegen eines landesweiten Blackouts hat die chilenische Regierung eine Ausgangssperre verh\u00e4ngt. Der Ausfall sei auf eine ausgefallene \u00dcberlandleitung im Norden des Landes zur\u00fcckzuf\u00fchren. Deswegen mussten weitere Leitungen abgeschaltet werden, die&#8230;","og_url":"https:\/\/ainuk.amateurfunkpraxis.de\/?p=1666","og_site_name":"AiNuK \u00a9","article_published_time":"2025-02-26T07:05:36+00:00","article_modified_time":"2025-02-26T07:06:16+00:00","og_image":[{"url":"https:\/\/amateurfunkpraxis.de\/images\/externer%20link.gif","type":"","width":"","height":""}],"author":"admin","twitter_card":"summary_large_image","twitter_misc":{"Verfasst von":"admin","Gesch\u00e4tzte Lesezeit":"2\u00a0Minuten"},"schema":{"@context":"https:\/\/schema.org","@graph":[{"@type":"Article","@id":"https:\/\/ainuk.amateurfunkpraxis.de\/?p=1666#article","isPartOf":{"@id":"https:\/\/ainuk.amateurfunkpraxis.de\/?p=1666"},"author":{"name":"admin","@id":"https:\/\/ainuk.amateurfunkpraxis.de\/#\/schema\/person\/23e96caa16a0a19c6910e2f4eb339c7f"},"headline":"25.02.2025 &#8211; Landesweiter Stromausfall in Chile","datePublished":"2025-02-26T07:05:36+00:00","dateModified":"2025-02-26T07:06:16+00:00","mainEntityOfPage":{"@id":"https:\/\/ainuk.amateurfunkpraxis.de\/?p=1666"},"wordCount":168,"commentCount":0,"publisher":{"@id":"https:\/\/ainuk.amateurfunkpraxis.de\/#organization"},"image":{"@id":"https:\/\/ainuk.amateurfunkpraxis.de\/?p=1666#primaryimage"},"thumbnailUrl":"https:\/\/amateurfunkpraxis.de\/images\/externer%20link.gif","keywords":["Blackout","Notfall","Notstrom","Stromausfall"],"articleSection":["Info","News"],"inLanguage":"de","potentialAction":[{"@type":"CommentAction","name":"Comment","target":["https:\/\/ainuk.amateurfunkpraxis.de\/?p=1666#respond"]}]},{"@type":"WebPage","@id":"https:\/\/ainuk.amateurfunkpraxis.de\/?p=1666","url":"https:\/\/ainuk.amateurfunkpraxis.de\/?p=1666","name":"25.02.2025 - Landesweiter Stromausfall in Chile - AiNuK \u00a9","isPartOf":{"@id":"https:\/\/ainuk.amateurfunkpraxis.de\/#website"},"primaryImageOfPage":{"@id":"https:\/\/ainuk.amateurfunkpraxis.de\/?p=1666#primaryimage"},"image":{"@id":"https:\/\/ainuk.amateurfunkpraxis.de\/?p=1666#primaryimage"},"thumbnailUrl":"https:\/\/amateurfunkpraxis.de\/images\/externer%20link.gif","datePublished":"2025-02-26T07:05:36+00:00","dateModified":"2025-02-26T07:06:16+00:00","breadcrumb":{"@id":"https:\/\/ainuk.amateurfunkpraxis.de\/?p=1666#breadcrumb"},"inLanguage":"de","potentialAction":[{"@type":"ReadAction","target":["https:\/\/ainuk.amateurfunkpraxis.de\/?p=1666"]}]},{"@type":"ImageObject","inLanguage":"de","@id":"https:\/\/ainuk.amateurfunkpraxis.de\/?p=1666#primaryimage","url":"https:\/\/amateurfunkpraxis.de\/images\/externer%20link.gif","contentUrl":"https:\/\/amateurfunkpraxis.de\/images\/externer%20link.gif"},{"@type":"BreadcrumbList","@id":"https:\/\/ainuk.amateurfunkpraxis.de\/?p=1666#breadcrumb","itemListElement":[{"@type":"ListItem","position":1,"name":"Startseite","item":"https:\/\/ainuk.amateurfunkpraxis.de\/"},{"@type":"ListItem","position":2,"name":"25.02.2025 &#8211; Landesweiter Stromausfall in Chile"}]},{"@type":"WebSite","@id":"https:\/\/ainuk.amateurfunkpraxis.de\/#website","url":"https:\/\/ainuk.amateurfunkpraxis.de\/","name":"AiNuK \u00a9","description":"Amateurfunk in Not- und Katastrophenf\u00e4llen n.e.V.","publisher":{"@id":"https:\/\/ainuk.amateurfunkpraxis.de\/#organization"},"alternateName":"Amateurfunk in Not- und Katastrophenf\u00e4llen AiNuK n.e.V.","potentialAction":[{"@type":"SearchAction","target":{"@type":"EntryPoint","urlTemplate":"https:\/\/ainuk.amateurfunkpraxis.de\/?s={search_term_string}"},"query-input":{"@type":"PropertyValueSpecification","valueRequired":true,"valueName":"search_term_string"}}],"inLanguage":"de"},{"@type":"Organization","@id":"https:\/\/ainuk.amateurfunkpraxis.de\/#organization","name":"AiNuK \u00a9 Amateurfunk in Not- und Katastrophenf\u00e4llen","alternateName":"Amateurfunk in Not- und Katastrophenf\u00e4llen AiNuK n.e.V.","url":"https:\/\/ainuk.amateurfunkpraxis.de\/","logo":{"@type":"ImageObject","inLanguage":"de","@id":"https:\/\/ainuk.amateurfunkpraxis.de\/#\/schema\/logo\/image\/","url":"https:\/\/ainuk.amateurfunkpraxis.de\/wp-content\/uploads\/2024\/07\/cropped-cropped-AiNuK-370x370-1.png","contentUrl":"https:\/\/ainuk.amateurfunkpraxis.de\/wp-content\/uploads\/2024\/07\/cropped-cropped-AiNuK-370x370-1.png","width":512,"height":512,"caption":"AiNuK \u00a9 Amateurfunk in Not- und Katastrophenf\u00e4llen"},"image":{"@id":"https:\/\/ainuk.amateurfunkpraxis.de\/#\/schema\/logo\/image\/"}},{"@type":"Person","@id":"https:\/\/ainuk.amateurfunkpraxis.de\/#\/schema\/person\/23e96caa16a0a19c6910e2f4eb339c7f","name":"admin","image":{"@type":"ImageObject","inLanguage":"de","@id":"https:\/\/secure.gravatar.com\/avatar\/1cf6ee7e4eb4c5027e13f32428f9e70ac79569f93391a5328669cfa1138cf412?s=96&d=retro&r=g","url":"https:\/\/secure.gravatar.com\/avatar\/1cf6ee7e4eb4c5027e13f32428f9e70ac79569f93391a5328669cfa1138cf412?s=96&d=retro&r=g","contentUrl":"https:\/\/secure.gravatar.com\/avatar\/1cf6ee7e4eb4c5027e13f32428f9e70ac79569f93391a5328669cfa1138cf412?s=96&d=retro&r=g","caption":"admin"},"description":"Funkamateur","sameAs":["http:\/\/www.ainuk.de"],"url":"https:\/\/ainuk.amateurfunkpraxis.de\/?author=1"}]}},"_links":{"self":[{"href":"https:\/\/ainuk.amateurfunkpraxis.de\/index.php?rest_route=\/wp\/v2\/posts\/1666","targetHints":{"allow":["GET"]}}],"collection":[{"href":"https:\/\/ainuk.amateurfunkpraxis.de\/index.php?rest_route=\/wp\/v2\/posts"}],"about":[{"href":"https:\/\/ainuk.amateurfunkpraxis.de\/index.php?rest_route=\/wp\/v2\/types\/post"}],"author":[{"embeddable":true,"href":"https:\/\/ainuk.amateurfunkpraxis.de\/index.php?rest_route=\/wp\/v2\/users\/1"}],"replies":[{"embeddable":true,"href":"https:\/\/ainuk.amateurfunkpraxis.de\/index.php?rest_route=%2Fwp%2Fv2%2Fcomments&post=1666"}],"version-history":[{"count":2,"href":"https:\/\/ainuk.amateurfunkpraxis.de\/index.php?rest_route=\/wp\/v2\/posts\/1666\/revisions"}],"predecessor-version":[{"id":1668,"href":"https:\/\/ainuk.amateurfunkpraxis.de\/index.php?rest_route=\/wp\/v2\/posts\/1666\/revisions\/1668"}],"wp:attachment":[{"href":"https:\/\/ainuk.amateurfunkpraxis.de\/index.php?rest_route=%2Fwp%2Fv2%2Fmedia&parent=1666"}],"wp:term":[{"taxonomy":"category","embeddable":true,"href":"https:\/\/ainuk.amateurfunkpraxis.de\/index.php?rest_route=%2Fwp%2Fv2%2Fcategories&post=1666"},{"taxonomy":"post_tag","embeddable":true,"href":"https:\/\/ainuk.amateurfunkpraxis.de\/index.php?rest_route=%2Fwp%2Fv2%2Ftags&post=1666"}],"curies":[{"name":"wp","href":"https:\/\/api.w.org\/{rel}","templated":true}]}}