{"id":1876,"date":"2025-09-15T05:57:27","date_gmt":"2025-09-15T05:57:27","guid":{"rendered":"https:\/\/ainuk.amateurfunkpraxis.de\/?p=1876"},"modified":"2025-09-15T05:59:23","modified_gmt":"2025-09-15T05:59:23","slug":"15-09-2025-neuer-funk-fuer-blaulichtorganisationen-von-der-telekom","status":"publish","type":"post","link":"https:\/\/ainuk.amateurfunkpraxis.de\/?p=1876","title":{"rendered":"15.09.2025 &#8211; Neuer Funk f\u00fcr Blaulichtorganisationen von der Telekom?"},"content":{"rendered":"\n<p>Die Deutsche Telekom positioniert sich mit einer neuen Funkl\u00f6sung als Nachfolger f\u00fcr das bisher genutzte Beh\u00f6rdenfunknetz. Auf der Digitalkonferenz Digital X in K\u00f6ln pr\u00e4sentierte das Unternehmen ein Produkt, das Ende dieses Jahres gemeinsam mit verschiedenen Beh\u00f6rden getestet werden soll und ab der ersten Jahresh\u00e4lfte 2026 in den Verkauf geht. Auch O2 und Vodafone arbeiten an entsprechenden Digitaldiensten, um Auftr\u00e4ge von Polizei, Feuerwehr und anderen Rettungsorganisationen zu gewinnen.<\/p>\n\n\n\n<p>Derzeit nutzen die sogenannten BOS (Beh\u00f6rden und Organisationen mit Sicherheitsaufgaben) den in den 1990er-Jahren entwickelten Standard Tetra. Dieser erm\u00f6glicht zwar Sprach\u00fcbertragung, jedoch nur eingeschr\u00e4nkte Datenkommunikation. <\/p>\n\n\n\n<p>Die neue L\u00f6sung mit dem Namen MCx (Mission Critical Services) erweitert die Einsatzm\u00f6glichkeiten erheblich: Neben Sprach\u00fcbertragung k\u00f6nnen k\u00fcnftig auch Fotos, Videos und Livestreams in Echtzeit gesendet werden. <\/p>\n\n\n\n<p>Zudem erlaubt die Plattform die Kommunikation zwischen modernen 5G- und LTE-Ger\u00e4ten sowie bestehenden Tetra-Funkger\u00e4ten, was einen reibungslosen \u00dcbergang sichern soll.<\/p>\n\n\n\n<p>Quelle: <a href=\"https:\/\/www.heise.de\/news\/Telekom-will-neuen-Funk-fuer-Blaulichtorganisationen-liefern-10643816.html\">Telekom will neuen Funk f\u00fcr Blaulichtorganisationen liefern | heise online<\/a> <img loading=\"lazy\" decoding=\"async\" height=\"12\" width=\"13\" src=\"https:\/\/amateurfunkpraxis.de\/images\/externer%20link.gif\"><\/p>\n\n\n\n<p><\/p>\n","protected":false},"excerpt":{"rendered":"<p>Die Deutsche Telekom positioniert sich mit einer neuen Funkl\u00f6sung als Nachfolger f\u00fcr das bisher genutzte Beh\u00f6rdenfunknetz. Auf der Digitalkonferenz Digital X in K\u00f6ln pr\u00e4sentierte das Unternehmen ein Produkt, das Ende&#8230;<\/p>\n","protected":false},"author":2,"featured_media":0,"comment_status":"open","ping_status":"open","sticky":false,"template":"","format":"standard","meta":{"footnotes":""},"categories":[43],"tags":[156,157,41,23],"class_list":["post-1876","post","type-post","status-publish","format-standard","hentry","category-info","tag-bos","tag-bos-funk","tag-notfall","tag-notfunk","entry"],"yoast_head":"<!-- This site is optimized with the Yoast SEO plugin v27.4 - https:\/\/yoast.com\/product\/yoast-seo-wordpress\/ -->\n<title>15.09.2025 - Neuer Funk f\u00fcr Blaulichtorganisationen von der Telekom? - AiNuK \u00a9<\/title>\n<meta name=\"robots\" content=\"index, follow, max-snippet:-1, max-image-preview:large, max-video-preview:-1\" \/>\n<link rel=\"canonical\" href=\"https:\/\/ainuk.amateurfunkpraxis.de\/?p=1876\" \/>\n<meta property=\"og:locale\" content=\"de_DE\" \/>\n<meta property=\"og:type\" content=\"article\" \/>\n<meta property=\"og:title\" content=\"15.09.2025 - Neuer Funk f\u00fcr Blaulichtorganisationen von der Telekom? - AiNuK \u00a9\" \/>\n<meta property=\"og:description\" content=\"Die Deutsche Telekom positioniert sich mit einer neuen Funkl\u00f6sung als Nachfolger f\u00fcr das bisher genutzte Beh\u00f6rdenfunknetz. Auf der Digitalkonferenz Digital X in K\u00f6ln pr\u00e4sentierte das Unternehmen ein Produkt, das Ende&#8230;\" \/>\n<meta property=\"og:url\" content=\"https:\/\/ainuk.amateurfunkpraxis.de\/?p=1876\" \/>\n<meta property=\"og:site_name\" content=\"AiNuK \u00a9\" \/>\n<meta property=\"article:published_time\" content=\"2025-09-15T05:57:27+00:00\" \/>\n<meta property=\"article:modified_time\" content=\"2025-09-15T05:59:23+00:00\" \/>\n<meta property=\"og:image\" content=\"https:\/\/amateurfunkpraxis.de\/images\/externer%20link.gif\" \/>\n<meta name=\"author\" content=\"jw\" \/>\n<meta name=\"twitter:card\" content=\"summary_large_image\" \/>\n<meta name=\"twitter:label1\" content=\"Verfasst von\" \/>\n\t<meta name=\"twitter:data1\" content=\"jw\" \/>\n\t<meta name=\"twitter:label2\" content=\"Gesch\u00e4tzte Lesezeit\" \/>\n\t<meta name=\"twitter:data2\" content=\"2\u00a0Minuten\" \/>\n<script type=\"application\/ld+json\" class=\"yoast-schema-graph\">{\"@context\":\"https:\\\/\\\/schema.org\",\"@graph\":[{\"@type\":\"Article\",\"@id\":\"https:\\\/\\\/ainuk.amateurfunkpraxis.de\\\/?p=1876#article\",\"isPartOf\":{\"@id\":\"https:\\\/\\\/ainuk.amateurfunkpraxis.de\\\/?p=1876\"},\"author\":{\"name\":\"jw\",\"@id\":\"https:\\\/\\\/ainuk.amateurfunkpraxis.de\\\/#\\\/schema\\\/person\\\/4460f1c46cbdc1a4808031ee6e39c2c9\"},\"headline\":\"15.09.2025 &#8211; Neuer Funk f\u00fcr Blaulichtorganisationen von der Telekom?\",\"datePublished\":\"2025-09-15T05:57:27+00:00\",\"dateModified\":\"2025-09-15T05:59:23+00:00\",\"mainEntityOfPage\":{\"@id\":\"https:\\\/\\\/ainuk.amateurfunkpraxis.de\\\/?p=1876\"},\"wordCount\":177,\"commentCount\":0,\"publisher\":{\"@id\":\"https:\\\/\\\/ainuk.amateurfunkpraxis.de\\\/#organization\"},\"image\":{\"@id\":\"https:\\\/\\\/ainuk.amateurfunkpraxis.de\\\/?p=1876#primaryimage\"},\"thumbnailUrl\":\"https:\\\/\\\/amateurfunkpraxis.de\\\/images\\\/externer%20link.gif\",\"keywords\":[\"BOS\",\"BOS Funk\",\"Notfall\",\"Notfunk\"],\"articleSection\":[\"Info\"],\"inLanguage\":\"de\",\"potentialAction\":[{\"@type\":\"CommentAction\",\"name\":\"Comment\",\"target\":[\"https:\\\/\\\/ainuk.amateurfunkpraxis.de\\\/?p=1876#respond\"]}]},{\"@type\":\"WebPage\",\"@id\":\"https:\\\/\\\/ainuk.amateurfunkpraxis.de\\\/?p=1876\",\"url\":\"https:\\\/\\\/ainuk.amateurfunkpraxis.de\\\/?p=1876\",\"name\":\"15.09.2025 - Neuer Funk f\u00fcr Blaulichtorganisationen von der Telekom? - AiNuK \u00a9\",\"isPartOf\":{\"@id\":\"https:\\\/\\\/ainuk.amateurfunkpraxis.de\\\/#website\"},\"primaryImageOfPage\":{\"@id\":\"https:\\\/\\\/ainuk.amateurfunkpraxis.de\\\/?p=1876#primaryimage\"},\"image\":{\"@id\":\"https:\\\/\\\/ainuk.amateurfunkpraxis.de\\\/?p=1876#primaryimage\"},\"thumbnailUrl\":\"https:\\\/\\\/amateurfunkpraxis.de\\\/images\\\/externer%20link.gif\",\"datePublished\":\"2025-09-15T05:57:27+00:00\",\"dateModified\":\"2025-09-15T05:59:23+00:00\",\"breadcrumb\":{\"@id\":\"https:\\\/\\\/ainuk.amateurfunkpraxis.de\\\/?p=1876#breadcrumb\"},\"inLanguage\":\"de\",\"potentialAction\":[{\"@type\":\"ReadAction\",\"target\":[\"https:\\\/\\\/ainuk.amateurfunkpraxis.de\\\/?p=1876\"]}]},{\"@type\":\"ImageObject\",\"inLanguage\":\"de\",\"@id\":\"https:\\\/\\\/ainuk.amateurfunkpraxis.de\\\/?p=1876#primaryimage\",\"url\":\"https:\\\/\\\/amateurfunkpraxis.de\\\/images\\\/externer%20link.gif\",\"contentUrl\":\"https:\\\/\\\/amateurfunkpraxis.de\\\/images\\\/externer%20link.gif\"},{\"@type\":\"BreadcrumbList\",\"@id\":\"https:\\\/\\\/ainuk.amateurfunkpraxis.de\\\/?p=1876#breadcrumb\",\"itemListElement\":[{\"@type\":\"ListItem\",\"position\":1,\"name\":\"Startseite\",\"item\":\"https:\\\/\\\/ainuk.amateurfunkpraxis.de\\\/\"},{\"@type\":\"ListItem\",\"position\":2,\"name\":\"15.09.2025 &#8211; Neuer Funk f\u00fcr Blaulichtorganisationen von der Telekom?\"}]},{\"@type\":\"WebSite\",\"@id\":\"https:\\\/\\\/ainuk.amateurfunkpraxis.de\\\/#website\",\"url\":\"https:\\\/\\\/ainuk.amateurfunkpraxis.de\\\/\",\"name\":\"AiNuK \u00a9\",\"description\":\"Amateurfunk in Not- und Katastrophenf\u00e4llen n.e.V.\",\"publisher\":{\"@id\":\"https:\\\/\\\/ainuk.amateurfunkpraxis.de\\\/#organization\"},\"alternateName\":\"Amateurfunk in Not- und Katastrophenf\u00e4llen AiNuK n.e.V.\",\"potentialAction\":[{\"@type\":\"SearchAction\",\"target\":{\"@type\":\"EntryPoint\",\"urlTemplate\":\"https:\\\/\\\/ainuk.amateurfunkpraxis.de\\\/?s={search_term_string}\"},\"query-input\":{\"@type\":\"PropertyValueSpecification\",\"valueRequired\":true,\"valueName\":\"search_term_string\"}}],\"inLanguage\":\"de\"},{\"@type\":\"Organization\",\"@id\":\"https:\\\/\\\/ainuk.amateurfunkpraxis.de\\\/#organization\",\"name\":\"AiNuK \u00a9 Amateurfunk in Not- und Katastrophenf\u00e4llen\",\"alternateName\":\"Amateurfunk in Not- und Katastrophenf\u00e4llen AiNuK n.e.V.\",\"url\":\"https:\\\/\\\/ainuk.amateurfunkpraxis.de\\\/\",\"logo\":{\"@type\":\"ImageObject\",\"inLanguage\":\"de\",\"@id\":\"https:\\\/\\\/ainuk.amateurfunkpraxis.de\\\/#\\\/schema\\\/logo\\\/image\\\/\",\"url\":\"https:\\\/\\\/ainuk.amateurfunkpraxis.de\\\/wp-content\\\/uploads\\\/2024\\\/07\\\/cropped-cropped-AiNuK-370x370-1.png\",\"contentUrl\":\"https:\\\/\\\/ainuk.amateurfunkpraxis.de\\\/wp-content\\\/uploads\\\/2024\\\/07\\\/cropped-cropped-AiNuK-370x370-1.png\",\"width\":512,\"height\":512,\"caption\":\"AiNuK \u00a9 Amateurfunk in Not- und Katastrophenf\u00e4llen\"},\"image\":{\"@id\":\"https:\\\/\\\/ainuk.amateurfunkpraxis.de\\\/#\\\/schema\\\/logo\\\/image\\\/\"}},{\"@type\":\"Person\",\"@id\":\"https:\\\/\\\/ainuk.amateurfunkpraxis.de\\\/#\\\/schema\\\/person\\\/4460f1c46cbdc1a4808031ee6e39c2c9\",\"name\":\"jw\",\"image\":{\"@type\":\"ImageObject\",\"inLanguage\":\"de\",\"@id\":\"https:\\\/\\\/secure.gravatar.com\\\/avatar\\\/3d7032cdb3ace618708d27ff32af8a4bcdcbf4f137489590fbb5a65802bacb5f?s=96&d=retro&r=g\",\"url\":\"https:\\\/\\\/secure.gravatar.com\\\/avatar\\\/3d7032cdb3ace618708d27ff32af8a4bcdcbf4f137489590fbb5a65802bacb5f?s=96&d=retro&r=g\",\"contentUrl\":\"https:\\\/\\\/secure.gravatar.com\\\/avatar\\\/3d7032cdb3ace618708d27ff32af8a4bcdcbf4f137489590fbb5a65802bacb5f?s=96&d=retro&r=g\",\"caption\":\"jw\"},\"description\":\"Informationsorganisator (IHK) - Technical Specialist in business Informatics (CCI)\",\"sameAs\":[\"http:\\\/\\\/www.ainuk.de\\\/\"],\"url\":\"https:\\\/\\\/ainuk.amateurfunkpraxis.de\\\/?author=2\"}]}<\/script>\n<!-- \/ Yoast SEO plugin. -->","yoast_head_json":{"title":"15.09.2025 - Neuer Funk f\u00fcr Blaulichtorganisationen von der Telekom? - AiNuK \u00a9","robots":{"index":"index","follow":"follow","max-snippet":"max-snippet:-1","max-image-preview":"max-image-preview:large","max-video-preview":"max-video-preview:-1"},"canonical":"https:\/\/ainuk.amateurfunkpraxis.de\/?p=1876","og_locale":"de_DE","og_type":"article","og_title":"15.09.2025 - Neuer Funk f\u00fcr Blaulichtorganisationen von der Telekom? - AiNuK \u00a9","og_description":"Die Deutsche Telekom positioniert sich mit einer neuen Funkl\u00f6sung als Nachfolger f\u00fcr das bisher genutzte Beh\u00f6rdenfunknetz. Auf der Digitalkonferenz Digital X in K\u00f6ln pr\u00e4sentierte das Unternehmen ein Produkt, das Ende&#8230;","og_url":"https:\/\/ainuk.amateurfunkpraxis.de\/?p=1876","og_site_name":"AiNuK \u00a9","article_published_time":"2025-09-15T05:57:27+00:00","article_modified_time":"2025-09-15T05:59:23+00:00","og_image":[{"url":"https:\/\/amateurfunkpraxis.de\/images\/externer%20link.gif","type":"","width":"","height":""}],"author":"jw","twitter_card":"summary_large_image","twitter_misc":{"Verfasst von":"jw","Gesch\u00e4tzte Lesezeit":"2\u00a0Minuten"},"schema":{"@context":"https:\/\/schema.org","@graph":[{"@type":"Article","@id":"https:\/\/ainuk.amateurfunkpraxis.de\/?p=1876#article","isPartOf":{"@id":"https:\/\/ainuk.amateurfunkpraxis.de\/?p=1876"},"author":{"name":"jw","@id":"https:\/\/ainuk.amateurfunkpraxis.de\/#\/schema\/person\/4460f1c46cbdc1a4808031ee6e39c2c9"},"headline":"15.09.2025 &#8211; Neuer Funk f\u00fcr Blaulichtorganisationen von der Telekom?","datePublished":"2025-09-15T05:57:27+00:00","dateModified":"2025-09-15T05:59:23+00:00","mainEntityOfPage":{"@id":"https:\/\/ainuk.amateurfunkpraxis.de\/?p=1876"},"wordCount":177,"commentCount":0,"publisher":{"@id":"https:\/\/ainuk.amateurfunkpraxis.de\/#organization"},"image":{"@id":"https:\/\/ainuk.amateurfunkpraxis.de\/?p=1876#primaryimage"},"thumbnailUrl":"https:\/\/amateurfunkpraxis.de\/images\/externer%20link.gif","keywords":["BOS","BOS Funk","Notfall","Notfunk"],"articleSection":["Info"],"inLanguage":"de","potentialAction":[{"@type":"CommentAction","name":"Comment","target":["https:\/\/ainuk.amateurfunkpraxis.de\/?p=1876#respond"]}]},{"@type":"WebPage","@id":"https:\/\/ainuk.amateurfunkpraxis.de\/?p=1876","url":"https:\/\/ainuk.amateurfunkpraxis.de\/?p=1876","name":"15.09.2025 - Neuer Funk f\u00fcr Blaulichtorganisationen von der Telekom? - AiNuK \u00a9","isPartOf":{"@id":"https:\/\/ainuk.amateurfunkpraxis.de\/#website"},"primaryImageOfPage":{"@id":"https:\/\/ainuk.amateurfunkpraxis.de\/?p=1876#primaryimage"},"image":{"@id":"https:\/\/ainuk.amateurfunkpraxis.de\/?p=1876#primaryimage"},"thumbnailUrl":"https:\/\/amateurfunkpraxis.de\/images\/externer%20link.gif","datePublished":"2025-09-15T05:57:27+00:00","dateModified":"2025-09-15T05:59:23+00:00","breadcrumb":{"@id":"https:\/\/ainuk.amateurfunkpraxis.de\/?p=1876#breadcrumb"},"inLanguage":"de","potentialAction":[{"@type":"ReadAction","target":["https:\/\/ainuk.amateurfunkpraxis.de\/?p=1876"]}]},{"@type":"ImageObject","inLanguage":"de","@id":"https:\/\/ainuk.amateurfunkpraxis.de\/?p=1876#primaryimage","url":"https:\/\/amateurfunkpraxis.de\/images\/externer%20link.gif","contentUrl":"https:\/\/amateurfunkpraxis.de\/images\/externer%20link.gif"},{"@type":"BreadcrumbList","@id":"https:\/\/ainuk.amateurfunkpraxis.de\/?p=1876#breadcrumb","itemListElement":[{"@type":"ListItem","position":1,"name":"Startseite","item":"https:\/\/ainuk.amateurfunkpraxis.de\/"},{"@type":"ListItem","position":2,"name":"15.09.2025 &#8211; Neuer Funk f\u00fcr Blaulichtorganisationen von der Telekom?"}]},{"@type":"WebSite","@id":"https:\/\/ainuk.amateurfunkpraxis.de\/#website","url":"https:\/\/ainuk.amateurfunkpraxis.de\/","name":"AiNuK \u00a9","description":"Amateurfunk in Not- und Katastrophenf\u00e4llen n.e.V.","publisher":{"@id":"https:\/\/ainuk.amateurfunkpraxis.de\/#organization"},"alternateName":"Amateurfunk in Not- und Katastrophenf\u00e4llen AiNuK n.e.V.","potentialAction":[{"@type":"SearchAction","target":{"@type":"EntryPoint","urlTemplate":"https:\/\/ainuk.amateurfunkpraxis.de\/?s={search_term_string}"},"query-input":{"@type":"PropertyValueSpecification","valueRequired":true,"valueName":"search_term_string"}}],"inLanguage":"de"},{"@type":"Organization","@id":"https:\/\/ainuk.amateurfunkpraxis.de\/#organization","name":"AiNuK \u00a9 Amateurfunk in Not- und Katastrophenf\u00e4llen","alternateName":"Amateurfunk in Not- und Katastrophenf\u00e4llen AiNuK n.e.V.","url":"https:\/\/ainuk.amateurfunkpraxis.de\/","logo":{"@type":"ImageObject","inLanguage":"de","@id":"https:\/\/ainuk.amateurfunkpraxis.de\/#\/schema\/logo\/image\/","url":"https:\/\/ainuk.amateurfunkpraxis.de\/wp-content\/uploads\/2024\/07\/cropped-cropped-AiNuK-370x370-1.png","contentUrl":"https:\/\/ainuk.amateurfunkpraxis.de\/wp-content\/uploads\/2024\/07\/cropped-cropped-AiNuK-370x370-1.png","width":512,"height":512,"caption":"AiNuK \u00a9 Amateurfunk in Not- und Katastrophenf\u00e4llen"},"image":{"@id":"https:\/\/ainuk.amateurfunkpraxis.de\/#\/schema\/logo\/image\/"}},{"@type":"Person","@id":"https:\/\/ainuk.amateurfunkpraxis.de\/#\/schema\/person\/4460f1c46cbdc1a4808031ee6e39c2c9","name":"jw","image":{"@type":"ImageObject","inLanguage":"de","@id":"https:\/\/secure.gravatar.com\/avatar\/3d7032cdb3ace618708d27ff32af8a4bcdcbf4f137489590fbb5a65802bacb5f?s=96&d=retro&r=g","url":"https:\/\/secure.gravatar.com\/avatar\/3d7032cdb3ace618708d27ff32af8a4bcdcbf4f137489590fbb5a65802bacb5f?s=96&d=retro&r=g","contentUrl":"https:\/\/secure.gravatar.com\/avatar\/3d7032cdb3ace618708d27ff32af8a4bcdcbf4f137489590fbb5a65802bacb5f?s=96&d=retro&r=g","caption":"jw"},"description":"Informationsorganisator (IHK) - Technical Specialist in business Informatics (CCI)","sameAs":["http:\/\/www.ainuk.de\/"],"url":"https:\/\/ainuk.amateurfunkpraxis.de\/?author=2"}]}},"_links":{"self":[{"href":"https:\/\/ainuk.amateurfunkpraxis.de\/index.php?rest_route=\/wp\/v2\/posts\/1876","targetHints":{"allow":["GET"]}}],"collection":[{"href":"https:\/\/ainuk.amateurfunkpraxis.de\/index.php?rest_route=\/wp\/v2\/posts"}],"about":[{"href":"https:\/\/ainuk.amateurfunkpraxis.de\/index.php?rest_route=\/wp\/v2\/types\/post"}],"author":[{"embeddable":true,"href":"https:\/\/ainuk.amateurfunkpraxis.de\/index.php?rest_route=\/wp\/v2\/users\/2"}],"replies":[{"embeddable":true,"href":"https:\/\/ainuk.amateurfunkpraxis.de\/index.php?rest_route=%2Fwp%2Fv2%2Fcomments&post=1876"}],"version-history":[{"count":2,"href":"https:\/\/ainuk.amateurfunkpraxis.de\/index.php?rest_route=\/wp\/v2\/posts\/1876\/revisions"}],"predecessor-version":[{"id":1879,"href":"https:\/\/ainuk.amateurfunkpraxis.de\/index.php?rest_route=\/wp\/v2\/posts\/1876\/revisions\/1879"}],"wp:attachment":[{"href":"https:\/\/ainuk.amateurfunkpraxis.de\/index.php?rest_route=%2Fwp%2Fv2%2Fmedia&parent=1876"}],"wp:term":[{"taxonomy":"category","embeddable":true,"href":"https:\/\/ainuk.amateurfunkpraxis.de\/index.php?rest_route=%2Fwp%2Fv2%2Fcategories&post=1876"},{"taxonomy":"post_tag","embeddable":true,"href":"https:\/\/ainuk.amateurfunkpraxis.de\/index.php?rest_route=%2Fwp%2Fv2%2Ftags&post=1876"}],"curies":[{"name":"wp","href":"https:\/\/api.w.org\/{rel}","templated":true}]}}