{"id":1970,"date":"2026-08-29T14:10:10","date_gmt":"2026-08-29T14:10:10","guid":{"rendered":"https:\/\/ainuk.amateurfunkpraxis.de\/?p=1970"},"modified":"2026-08-30T04:53:00","modified_gmt":"2026-08-30T04:53:00","slug":"29-08-2026-bundesregierung-lehnt-starre-notstrom-vorgaben-ab","status":"publish","type":"post","link":"https:\/\/ainuk.amateurfunkpraxis.de\/?p=1970","title":{"rendered":"29.08.2026 &#8211; Bundesregierung lehnt starre Notstrom-Vorgaben ab"},"content":{"rendered":"\n<p class=\"wp-block-paragraph\">Die Bundesregierung lehnt bundesweit einheitliche, starre Vorgaben zur Notstromversorgung von Mobilfunkmasten ab und setzt stattdessen auf eine Einzelfallpr\u00fcfung sowie freiwillige Ma\u00dfnahmen der Netzbetreiber.<\/p>\n\n\n\n<p class=\"wp-block-paragraph\">Nach den Stromausf\u00e4llen in Berlin Anfang 2026, bei denen zeitweise auch das Mobilfunknetz zusammenbrach und Notrufe nicht mehr m\u00f6glich waren, fordern Experten und Politiker robustere Netze. Die Bundesnetzagentur hatte bereits seit 2022 vorgeschlagen, Mindeststandards f\u00fcr die Notstromversorgung einzuf\u00fchren, um im Krisenfall ein \u201eBasisdiensteangebot\u201c (Notrufe, Warnmeldungen) sicherzustellen.<\/p>\n\n\n\n<p class=\"wp-block-paragraph\">Die Regierung argumentiert gegen pauschale technische Vorgaben wie feste Akku-Laufzeiten oder Generatoren-Pflichten f\u00fcr alle Standorte. Stattdessen soll im Einzelfall gepr\u00fcft werden, welche Ma\u00dfnahmen sinnvoll und umsetzbar sind \u2013 etwa weil Brandschutz, Statik oder lokale Gegebenheiten eine Nachr\u00fcstung erschweren. Ein urspr\u00fcnglich geplanter Passus im Kabinett, der Mobilfunkmasten bevorzugt ans Niederspannungsnetz anschlie\u00dfen sollte, wurde im Juni 2026 gestrichen.<\/p>\n\n\n\n<p class=\"wp-block-paragraph\">Kritiker monieren, dass ohne verbindliche Mindestregeln die Versorgung bei langandauernden Stromausf\u00e4llen weiterhin l\u00fcckenhaft bleibt. Als erg\u00e4nzende Ans\u00e4tze nennt die Bundesnetzagentur etwa den Betrieb ausgew\u00e4hlter Standorte im energieeffizienten Low-Band (700\u2013900 MHz) sowie die Anbindung per Richtfunk oder Satellit, falls Glasfaser ausf\u00e4llt. Berlin testet zudem Solar-Batterie-Systeme auf landeseigenen Immobilien, kann aber keine bundesweiten Vorgaben erlassen.<\/p>\n\n\n\n<p class=\"wp-block-paragraph\">Quelle: <a href=\"https:\/\/www.heise.de\/news\/Ausfallsichere-Handynetze-Bundesregierung-lehnt-starre-Notstrom-Vorgaben-ab-11434156.html\">Ausfallsichere Handynetze: Bundesregierung lehnt starre Notstrom-Vorgaben ab | heise online<\/a> <img loading=\"lazy\" decoding=\"async\" height=\"12\" width=\"13\" src=\"https:\/\/amateurfunkpraxis.de\/images\/externer%20link.gif\"><\/p>\n","protected":false},"excerpt":{"rendered":"<p>Die Bundesregierung lehnt bundesweit einheitliche, starre Vorgaben zur Notstromversorgung von Mobilfunkmasten ab und setzt stattdessen auf eine Einzelfallpr\u00fcfung sowie freiwillige Ma\u00dfnahmen der Netzbetreiber. Nach den Stromausf\u00e4llen in Berlin Anfang 2026,&#8230;<\/p>\n","protected":false},"author":1,"featured_media":0,"comment_status":"open","ping_status":"open","sticky":false,"template":"","format":"standard","meta":{"footnotes":""},"categories":[43],"tags":[82,113],"class_list":["post-1970","post","type-post","status-publish","format-standard","hentry","category-info","tag-notfallvorsorge","tag-notstrom","entry"],"yoast_head":"<!-- This site is optimized with the Yoast SEO plugin v28.3 - https:\/\/yoast.com\/product\/yoast-seo-wordpress\/ -->\n<title>29.08.2026 - Bundesregierung lehnt starre Notstrom-Vorgaben ab - AiNuK \u00a9<\/title>\n<meta name=\"robots\" content=\"index, follow, max-snippet:-1, max-image-preview:large, max-video-preview:-1\" \/>\n<link rel=\"canonical\" href=\"https:\/\/ainuk.amateurfunkpraxis.de\/?p=1970\" \/>\n<meta property=\"og:locale\" content=\"de_DE\" \/>\n<meta property=\"og:type\" content=\"article\" \/>\n<meta property=\"og:title\" content=\"29.08.2026 - Bundesregierung lehnt starre Notstrom-Vorgaben ab - AiNuK \u00a9\" \/>\n<meta property=\"og:description\" content=\"Die Bundesregierung lehnt bundesweit einheitliche, starre Vorgaben zur Notstromversorgung von Mobilfunkmasten ab und setzt stattdessen auf eine Einzelfallpr\u00fcfung sowie freiwillige Ma\u00dfnahmen der Netzbetreiber. Nach den Stromausf\u00e4llen in Berlin Anfang 2026,&#8230;\" \/>\n<meta property=\"og:url\" content=\"https:\/\/ainuk.amateurfunkpraxis.de\/?p=1970\" \/>\n<meta property=\"og:site_name\" content=\"AiNuK \u00a9\" \/>\n<meta property=\"article:published_time\" content=\"2026-08-29T14:10:10+00:00\" \/>\n<meta property=\"article:modified_time\" content=\"2026-08-30T04:53:00+00:00\" \/>\n<meta property=\"og:image\" content=\"https:\/\/amateurfunkpraxis.de\/images\/externer%20link.gif\" \/>\n<meta name=\"author\" content=\"admin\" \/>\n<meta name=\"twitter:card\" content=\"summary_large_image\" \/>\n<meta name=\"twitter:label1\" content=\"Verfasst von\" \/>\n\t<meta name=\"twitter:data1\" content=\"admin\" \/>\n\t<meta name=\"twitter:label2\" content=\"Gesch\u00e4tzte Lesezeit\" \/>\n\t<meta name=\"twitter:data2\" content=\"2\u00a0Minuten\" \/>\n<script type=\"application\/ld+json\" class=\"yoast-schema-graph\">{\"@context\":\"https:\\\/\\\/schema.org\",\"@graph\":[{\"@type\":\"Article\",\"@id\":\"https:\\\/\\\/ainuk.amateurfunkpraxis.de\\\/?p=1970#article\",\"isPartOf\":{\"@id\":\"https:\\\/\\\/ainuk.amateurfunkpraxis.de\\\/?p=1970\"},\"author\":{\"name\":\"admin\",\"@id\":\"https:\\\/\\\/ainuk.amateurfunkpraxis.de\\\/#\\\/schema\\\/person\\\/23e96caa16a0a19c6910e2f4eb339c7f\"},\"headline\":\"29.08.2026 &#8211; Bundesregierung lehnt starre Notstrom-Vorgaben ab\",\"datePublished\":\"2026-08-29T14:10:10+00:00\",\"dateModified\":\"2026-08-30T04:53:00+00:00\",\"mainEntityOfPage\":{\"@id\":\"https:\\\/\\\/ainuk.amateurfunkpraxis.de\\\/?p=1970\"},\"wordCount\":207,\"commentCount\":0,\"publisher\":{\"@id\":\"https:\\\/\\\/ainuk.amateurfunkpraxis.de\\\/#organization\"},\"image\":{\"@id\":\"https:\\\/\\\/ainuk.amateurfunkpraxis.de\\\/?p=1970#primaryimage\"},\"thumbnailUrl\":\"https:\\\/\\\/amateurfunkpraxis.de\\\/images\\\/externer%20link.gif\",\"keywords\":[\"Notfallvorsorge\",\"Notstrom\"],\"articleSection\":[\"Info\"],\"inLanguage\":\"de\",\"potentialAction\":[{\"@type\":\"CommentAction\",\"name\":\"Comment\",\"target\":[\"https:\\\/\\\/ainuk.amateurfunkpraxis.de\\\/?p=1970#respond\"]}]},{\"@type\":\"WebPage\",\"@id\":\"https:\\\/\\\/ainuk.amateurfunkpraxis.de\\\/?p=1970\",\"url\":\"https:\\\/\\\/ainuk.amateurfunkpraxis.de\\\/?p=1970\",\"name\":\"29.08.2026 - Bundesregierung lehnt starre Notstrom-Vorgaben ab - AiNuK \u00a9\",\"isPartOf\":{\"@id\":\"https:\\\/\\\/ainuk.amateurfunkpraxis.de\\\/#website\"},\"primaryImageOfPage\":{\"@id\":\"https:\\\/\\\/ainuk.amateurfunkpraxis.de\\\/?p=1970#primaryimage\"},\"image\":{\"@id\":\"https:\\\/\\\/ainuk.amateurfunkpraxis.de\\\/?p=1970#primaryimage\"},\"thumbnailUrl\":\"https:\\\/\\\/amateurfunkpraxis.de\\\/images\\\/externer%20link.gif\",\"datePublished\":\"2026-08-29T14:10:10+00:00\",\"dateModified\":\"2026-08-30T04:53:00+00:00\",\"breadcrumb\":{\"@id\":\"https:\\\/\\\/ainuk.amateurfunkpraxis.de\\\/?p=1970#breadcrumb\"},\"inLanguage\":\"de\",\"potentialAction\":[{\"@type\":\"ReadAction\",\"target\":[\"https:\\\/\\\/ainuk.amateurfunkpraxis.de\\\/?p=1970\"]}]},{\"@type\":\"ImageObject\",\"inLanguage\":\"de\",\"@id\":\"https:\\\/\\\/ainuk.amateurfunkpraxis.de\\\/?p=1970#primaryimage\",\"url\":\"https:\\\/\\\/amateurfunkpraxis.de\\\/images\\\/externer%20link.gif\",\"contentUrl\":\"https:\\\/\\\/amateurfunkpraxis.de\\\/images\\\/externer%20link.gif\"},{\"@type\":\"BreadcrumbList\",\"@id\":\"https:\\\/\\\/ainuk.amateurfunkpraxis.de\\\/?p=1970#breadcrumb\",\"itemListElement\":[{\"@type\":\"ListItem\",\"position\":1,\"name\":\"Startseite\",\"item\":\"https:\\\/\\\/ainuk.amateurfunkpraxis.de\\\/\"},{\"@type\":\"ListItem\",\"position\":2,\"name\":\"29.08.2026 &#8211; Bundesregierung lehnt starre Notstrom-Vorgaben ab\"}]},{\"@type\":\"WebSite\",\"@id\":\"https:\\\/\\\/ainuk.amateurfunkpraxis.de\\\/#website\",\"url\":\"https:\\\/\\\/ainuk.amateurfunkpraxis.de\\\/\",\"name\":\"AiNuK \u00a9\",\"description\":\"Amateurfunk in Not- und Katastrophenf\u00e4llen n.e.V.\",\"publisher\":{\"@id\":\"https:\\\/\\\/ainuk.amateurfunkpraxis.de\\\/#organization\"},\"alternateName\":\"Amateurfunk in Not- und Katastrophenf\u00e4llen AiNuK n.e.V.\",\"potentialAction\":[{\"@type\":\"SearchAction\",\"target\":{\"@type\":\"EntryPoint\",\"urlTemplate\":\"https:\\\/\\\/ainuk.amateurfunkpraxis.de\\\/?s={search_term_string}\"},\"query-input\":{\"@type\":\"PropertyValueSpecification\",\"valueRequired\":true,\"valueName\":\"search_term_string\"}}],\"inLanguage\":\"de\"},{\"@type\":\"Organization\",\"@id\":\"https:\\\/\\\/ainuk.amateurfunkpraxis.de\\\/#organization\",\"name\":\"AiNuK \u00a9 Amateurfunk in Not- und Katastrophenf\u00e4llen\",\"alternateName\":\"Amateurfunk in Not- und Katastrophenf\u00e4llen AiNuK n.e.V.\",\"url\":\"https:\\\/\\\/ainuk.amateurfunkpraxis.de\\\/\",\"logo\":{\"@type\":\"ImageObject\",\"inLanguage\":\"de\",\"@id\":\"https:\\\/\\\/ainuk.amateurfunkpraxis.de\\\/#\\\/schema\\\/logo\\\/image\\\/\",\"url\":\"https:\\\/\\\/ainuk.amateurfunkpraxis.de\\\/wp-content\\\/uploads\\\/2024\\\/07\\\/cropped-cropped-AiNuK-370x370-1.png\",\"contentUrl\":\"https:\\\/\\\/ainuk.amateurfunkpraxis.de\\\/wp-content\\\/uploads\\\/2024\\\/07\\\/cropped-cropped-AiNuK-370x370-1.png\",\"width\":512,\"height\":512,\"caption\":\"AiNuK \u00a9 Amateurfunk in Not- und Katastrophenf\u00e4llen\"},\"image\":{\"@id\":\"https:\\\/\\\/ainuk.amateurfunkpraxis.de\\\/#\\\/schema\\\/logo\\\/image\\\/\"}},{\"@type\":\"Person\",\"@id\":\"https:\\\/\\\/ainuk.amateurfunkpraxis.de\\\/#\\\/schema\\\/person\\\/23e96caa16a0a19c6910e2f4eb339c7f\",\"name\":\"admin\",\"image\":{\"@type\":\"ImageObject\",\"inLanguage\":\"de\",\"@id\":\"https:\\\/\\\/secure.gravatar.com\\\/avatar\\\/1cf6ee7e4eb4c5027e13f32428f9e70ac79569f93391a5328669cfa1138cf412?s=96&d=retro&r=g\",\"url\":\"https:\\\/\\\/secure.gravatar.com\\\/avatar\\\/1cf6ee7e4eb4c5027e13f32428f9e70ac79569f93391a5328669cfa1138cf412?s=96&d=retro&r=g\",\"contentUrl\":\"https:\\\/\\\/secure.gravatar.com\\\/avatar\\\/1cf6ee7e4eb4c5027e13f32428f9e70ac79569f93391a5328669cfa1138cf412?s=96&d=retro&r=g\",\"caption\":\"admin\"},\"description\":\"Funkamateur\",\"sameAs\":[\"http:\\\/\\\/www.ainuk.de\"],\"url\":\"https:\\\/\\\/ainuk.amateurfunkpraxis.de\\\/?author=1\"}]}<\/script>\n<!-- \/ Yoast SEO plugin. -->","yoast_head_json":{"title":"29.08.2026 - Bundesregierung lehnt starre Notstrom-Vorgaben ab - AiNuK \u00a9","robots":{"index":"index","follow":"follow","max-snippet":"max-snippet:-1","max-image-preview":"max-image-preview:large","max-video-preview":"max-video-preview:-1"},"canonical":"https:\/\/ainuk.amateurfunkpraxis.de\/?p=1970","og_locale":"de_DE","og_type":"article","og_title":"29.08.2026 - Bundesregierung lehnt starre Notstrom-Vorgaben ab - AiNuK \u00a9","og_description":"Die Bundesregierung lehnt bundesweit einheitliche, starre Vorgaben zur Notstromversorgung von Mobilfunkmasten ab und setzt stattdessen auf eine Einzelfallpr\u00fcfung sowie freiwillige Ma\u00dfnahmen der Netzbetreiber. Nach den Stromausf\u00e4llen in Berlin Anfang 2026,&#8230;","og_url":"https:\/\/ainuk.amateurfunkpraxis.de\/?p=1970","og_site_name":"AiNuK \u00a9","article_published_time":"2026-08-29T14:10:10+00:00","article_modified_time":"2026-08-30T04:53:00+00:00","og_image":[{"url":"https:\/\/amateurfunkpraxis.de\/images\/externer%20link.gif","type":"","width":"","height":""}],"author":"admin","twitter_card":"summary_large_image","twitter_misc":{"Verfasst von":"admin","Gesch\u00e4tzte Lesezeit":"2\u00a0Minuten"},"schema":{"@context":"https:\/\/schema.org","@graph":[{"@type":"Article","@id":"https:\/\/ainuk.amateurfunkpraxis.de\/?p=1970#article","isPartOf":{"@id":"https:\/\/ainuk.amateurfunkpraxis.de\/?p=1970"},"author":{"name":"admin","@id":"https:\/\/ainuk.amateurfunkpraxis.de\/#\/schema\/person\/23e96caa16a0a19c6910e2f4eb339c7f"},"headline":"29.08.2026 &#8211; Bundesregierung lehnt starre Notstrom-Vorgaben ab","datePublished":"2026-08-29T14:10:10+00:00","dateModified":"2026-08-30T04:53:00+00:00","mainEntityOfPage":{"@id":"https:\/\/ainuk.amateurfunkpraxis.de\/?p=1970"},"wordCount":207,"commentCount":0,"publisher":{"@id":"https:\/\/ainuk.amateurfunkpraxis.de\/#organization"},"image":{"@id":"https:\/\/ainuk.amateurfunkpraxis.de\/?p=1970#primaryimage"},"thumbnailUrl":"https:\/\/amateurfunkpraxis.de\/images\/externer%20link.gif","keywords":["Notfallvorsorge","Notstrom"],"articleSection":["Info"],"inLanguage":"de","potentialAction":[{"@type":"CommentAction","name":"Comment","target":["https:\/\/ainuk.amateurfunkpraxis.de\/?p=1970#respond"]}]},{"@type":"WebPage","@id":"https:\/\/ainuk.amateurfunkpraxis.de\/?p=1970","url":"https:\/\/ainuk.amateurfunkpraxis.de\/?p=1970","name":"29.08.2026 - Bundesregierung lehnt starre Notstrom-Vorgaben ab - AiNuK \u00a9","isPartOf":{"@id":"https:\/\/ainuk.amateurfunkpraxis.de\/#website"},"primaryImageOfPage":{"@id":"https:\/\/ainuk.amateurfunkpraxis.de\/?p=1970#primaryimage"},"image":{"@id":"https:\/\/ainuk.amateurfunkpraxis.de\/?p=1970#primaryimage"},"thumbnailUrl":"https:\/\/amateurfunkpraxis.de\/images\/externer%20link.gif","datePublished":"2026-08-29T14:10:10+00:00","dateModified":"2026-08-30T04:53:00+00:00","breadcrumb":{"@id":"https:\/\/ainuk.amateurfunkpraxis.de\/?p=1970#breadcrumb"},"inLanguage":"de","potentialAction":[{"@type":"ReadAction","target":["https:\/\/ainuk.amateurfunkpraxis.de\/?p=1970"]}]},{"@type":"ImageObject","inLanguage":"de","@id":"https:\/\/ainuk.amateurfunkpraxis.de\/?p=1970#primaryimage","url":"https:\/\/amateurfunkpraxis.de\/images\/externer%20link.gif","contentUrl":"https:\/\/amateurfunkpraxis.de\/images\/externer%20link.gif"},{"@type":"BreadcrumbList","@id":"https:\/\/ainuk.amateurfunkpraxis.de\/?p=1970#breadcrumb","itemListElement":[{"@type":"ListItem","position":1,"name":"Startseite","item":"https:\/\/ainuk.amateurfunkpraxis.de\/"},{"@type":"ListItem","position":2,"name":"29.08.2026 &#8211; Bundesregierung lehnt starre Notstrom-Vorgaben ab"}]},{"@type":"WebSite","@id":"https:\/\/ainuk.amateurfunkpraxis.de\/#website","url":"https:\/\/ainuk.amateurfunkpraxis.de\/","name":"AiNuK \u00a9","description":"Amateurfunk in Not- und Katastrophenf\u00e4llen n.e.V.","publisher":{"@id":"https:\/\/ainuk.amateurfunkpraxis.de\/#organization"},"alternateName":"Amateurfunk in Not- und Katastrophenf\u00e4llen AiNuK n.e.V.","potentialAction":[{"@type":"SearchAction","target":{"@type":"EntryPoint","urlTemplate":"https:\/\/ainuk.amateurfunkpraxis.de\/?s={search_term_string}"},"query-input":{"@type":"PropertyValueSpecification","valueRequired":true,"valueName":"search_term_string"}}],"inLanguage":"de"},{"@type":"Organization","@id":"https:\/\/ainuk.amateurfunkpraxis.de\/#organization","name":"AiNuK \u00a9 Amateurfunk in Not- und Katastrophenf\u00e4llen","alternateName":"Amateurfunk in Not- und Katastrophenf\u00e4llen AiNuK n.e.V.","url":"https:\/\/ainuk.amateurfunkpraxis.de\/","logo":{"@type":"ImageObject","inLanguage":"de","@id":"https:\/\/ainuk.amateurfunkpraxis.de\/#\/schema\/logo\/image\/","url":"https:\/\/ainuk.amateurfunkpraxis.de\/wp-content\/uploads\/2024\/07\/cropped-cropped-AiNuK-370x370-1.png","contentUrl":"https:\/\/ainuk.amateurfunkpraxis.de\/wp-content\/uploads\/2024\/07\/cropped-cropped-AiNuK-370x370-1.png","width":512,"height":512,"caption":"AiNuK \u00a9 Amateurfunk in Not- und Katastrophenf\u00e4llen"},"image":{"@id":"https:\/\/ainuk.amateurfunkpraxis.de\/#\/schema\/logo\/image\/"}},{"@type":"Person","@id":"https:\/\/ainuk.amateurfunkpraxis.de\/#\/schema\/person\/23e96caa16a0a19c6910e2f4eb339c7f","name":"admin","image":{"@type":"ImageObject","inLanguage":"de","@id":"https:\/\/secure.gravatar.com\/avatar\/1cf6ee7e4eb4c5027e13f32428f9e70ac79569f93391a5328669cfa1138cf412?s=96&d=retro&r=g","url":"https:\/\/secure.gravatar.com\/avatar\/1cf6ee7e4eb4c5027e13f32428f9e70ac79569f93391a5328669cfa1138cf412?s=96&d=retro&r=g","contentUrl":"https:\/\/secure.gravatar.com\/avatar\/1cf6ee7e4eb4c5027e13f32428f9e70ac79569f93391a5328669cfa1138cf412?s=96&d=retro&r=g","caption":"admin"},"description":"Funkamateur","sameAs":["http:\/\/www.ainuk.de"],"url":"https:\/\/ainuk.amateurfunkpraxis.de\/?author=1"}]}},"_links":{"self":[{"href":"https:\/\/ainuk.amateurfunkpraxis.de\/index.php?rest_route=\/wp\/v2\/posts\/1970","targetHints":{"allow":["GET"]}}],"collection":[{"href":"https:\/\/ainuk.amateurfunkpraxis.de\/index.php?rest_route=\/wp\/v2\/posts"}],"about":[{"href":"https:\/\/ainuk.amateurfunkpraxis.de\/index.php?rest_route=\/wp\/v2\/types\/post"}],"author":[{"embeddable":true,"href":"https:\/\/ainuk.amateurfunkpraxis.de\/index.php?rest_route=\/wp\/v2\/users\/1"}],"replies":[{"embeddable":true,"href":"https:\/\/ainuk.amateurfunkpraxis.de\/index.php?rest_route=%2Fwp%2Fv2%2Fcomments&post=1970"}],"version-history":[{"count":2,"href":"https:\/\/ainuk.amateurfunkpraxis.de\/index.php?rest_route=\/wp\/v2\/posts\/1970\/revisions"}],"predecessor-version":[{"id":1977,"href":"https:\/\/ainuk.amateurfunkpraxis.de\/index.php?rest_route=\/wp\/v2\/posts\/1970\/revisions\/1977"}],"wp:attachment":[{"href":"https:\/\/ainuk.amateurfunkpraxis.de\/index.php?rest_route=%2Fwp%2Fv2%2Fmedia&parent=1970"}],"wp:term":[{"taxonomy":"category","embeddable":true,"href":"https:\/\/ainuk.amateurfunkpraxis.de\/index.php?rest_route=%2Fwp%2Fv2%2Fcategories&post=1970"},{"taxonomy":"post_tag","embeddable":true,"href":"https:\/\/ainuk.amateurfunkpraxis.de\/index.php?rest_route=%2Fwp%2Fv2%2Ftags&post=1970"}],"curies":[{"name":"wp","href":"https:\/\/api.w.org\/{rel}","templated":true}]}}